{"id":337,"date":"2025-01-24T18:00:45","date_gmt":"2025-01-24T17:00:45","guid":{"rendered":"http:\/\/repdzci.cluster029.hosting.ovh.net\/wp\/?p=337"},"modified":"2025-05-21T20:20:28","modified_gmt":"2025-05-21T18:20:28","slug":"projet-de-quartier-2025","status":"publish","type":"post","link":"http:\/\/repdzci.cluster029.hosting.ovh.net\/wp\/2025\/01\/24\/projet-de-quartier-2025\/","title":{"rendered":"Projet de quartier 2025 !"},"content":{"rendered":"\n<p>L\u2019objectif du projet de quartier est d\u2019exposer les attentes des habitants sur les am\u00e9nagements<br>structurants du quartier, ainsi que leurs souhaits en termes d\u2019\u00e9quipements et de services. Leur comp\u00e9tence d\u2019\u00abexperts du quotidien \u00bb doit se joindre aux r\u00e9flexions des \u00e9lus, urbanistes et autres techniciens de la ZAC (=zone d\u2019am\u00e9nagement concert\u00e9), de la ville et de la m\u00e9tropole. Car, bien s\u00fbr, c\u2019est ensemble, en \u00ab concertation \u00bb, que nous ferons notre quartier.<\/p>\n\n\n\n<p>Deux r\u00e9unions ont \u00e9t\u00e9 organis\u00e9es avec les habitants,  durant le mois de mars 2025, pour discuter des propositions. Au total environ 40 personnes ont particip\u00e9 \u00e0 ces discussions.  Le projet initial a \u00e9t\u00e9 compl\u00e9t\u00e9 par ces contributions et vous trouverez ci-dessous la derni\u00e8re version.<\/p>\n\n\n\n<p>Le document de travail provisoire est disponible <a href=\"http:\/\/repdzci.cluster029.hosting.ovh.net\/wp\/wp-content\/uploads\/2025\/05\/Projet-de-quartier-GRENOBLE-CONFLUENCE_Version-14-mai-2025.pdf\">ici <\/a>!<\/p>\n\n\n\n<p><\/p>\n","protected":false},"excerpt":{"rendered":"<p>L\u2019objectif du projet de quartier est d\u2019exposer les attentes des habitants sur les am\u00e9nagementsstructurants du quartier, ainsi que leurs souhaits en termes d\u2019\u00e9quipements et de services. Leur comp\u00e9tence d\u2019\u00abexperts du quotidien \u00bb doit se joindre aux r\u00e9flexions des \u00e9lus, urbanistes et autres techniciens de la ZAC (=zone d\u2019am\u00e9nagement concert\u00e9), de la ville et de la m\u00e9tropole. Car, bien s\u00fbr, c\u2019est ensemble, en \u00ab concertation \u00bb, que nous ferons notre quartier.[&#8230;]<\/p>\n","protected":false},"author":1,"featured_media":0,"comment_status":"open","ping_status":"open","sticky":false,"template":"","format":"standard","meta":{"footnotes":""},"categories":[2],"tags":[],"class_list":["post-337","post","type-post","status-publish","format-standard","hentry","category-actualites"],"_links":{"self":[{"href":"http:\/\/repdzci.cluster029.hosting.ovh.net\/wp\/wp-json\/wp\/v2\/posts\/337"}],"collection":[{"href":"http:\/\/repdzci.cluster029.hosting.ovh.net\/wp\/wp-json\/wp\/v2\/posts"}],"about":[{"href":"http:\/\/repdzci.cluster029.hosting.ovh.net\/wp\/wp-json\/wp\/v2\/types\/post"}],"author":[{"embeddable":true,"href":"http:\/\/repdzci.cluster029.hosting.ovh.net\/wp\/wp-json\/wp\/v2\/users\/1"}],"replies":[{"embeddable":true,"href":"http:\/\/repdzci.cluster029.hosting.ovh.net\/wp\/wp-json\/wp\/v2\/comments?post=337"}],"version-history":[{"count":4,"href":"http:\/\/repdzci.cluster029.hosting.ovh.net\/wp\/wp-json\/wp\/v2\/posts\/337\/revisions"}],"predecessor-version":[{"id":349,"href":"http:\/\/repdzci.cluster029.hosting.ovh.net\/wp\/wp-json\/wp\/v2\/posts\/337\/revisions\/349"}],"wp:attachment":[{"href":"http:\/\/repdzci.cluster029.hosting.ovh.net\/wp\/wp-json\/wp\/v2\/media?parent=337"}],"wp:term":[{"taxonomy":"category","embeddable":true,"href":"http:\/\/repdzci.cluster029.hosting.ovh.net\/wp\/wp-json\/wp\/v2\/categories?post=337"},{"taxonomy":"post_tag","embeddable":true,"href":"http:\/\/repdzci.cluster029.hosting.ovh.net\/wp\/wp-json\/wp\/v2\/tags?post=337"}],"curies":[{"name":"wp","href":"https:\/\/api.w.org\/{rel}","templated":true}]}}